{"id":596,"date":"2024-06-10T14:28:58","date_gmt":"2024-06-10T17:28:58","guid":{"rendered":"https:\/\/www.ibraop.org.br\/enaop2024\/?p=596"},"modified":"2024-06-10T14:30:47","modified_gmt":"2024-06-10T17:30:47","slug":"governador-rafael-fonteles","status":"publish","type":"post","link":"https:\/\/www.ibraop.org.br\/enaop2024\/governador-rafael-fonteles\/","title":{"rendered":"Governador Rafael Fonteles"},"content":{"rendered":"<p><a href=\"https:\/\/www.ibraop.org.br\/enaop2024\/wp-content\/uploads\/sites\/5\/2024\/06\/Governador-Rafael-Fonteles.png\"><img loading=\"lazy\" decoding=\"async\" class=\"alignleft wp-image-597 size-medium\" src=\"https:\/\/www.ibraop.org.br\/enaop2024\/wp-content\/uploads\/sites\/5\/2024\/06\/Governador-Rafael-Fonteles-300x300.png\" alt=\"\" width=\"300\" height=\"300\" srcset=\"https:\/\/www.ibraop.org.br\/enaop2024\/wp-content\/uploads\/sites\/5\/2024\/06\/Governador-Rafael-Fonteles-300x300.png 300w, https:\/\/www.ibraop.org.br\/enaop2024\/wp-content\/uploads\/sites\/5\/2024\/06\/Governador-Rafael-Fonteles-150x150.png 150w, https:\/\/www.ibraop.org.br\/enaop2024\/wp-content\/uploads\/sites\/5\/2024\/06\/Governador-Rafael-Fonteles.png 340w\" sizes=\"auto, (max-width: 300px) 100vw, 300px\" \/><\/a><\/p>\n<p>&nbsp;<\/p>\n<p>Rafael Tajra Fonteles, 39 anos de idade, \u00e9 bacharel em Matem\u00e1tica pela Universidade Federal do Piau\u00ed (UFPI), conclu\u00eddo aos 19 anos, com obten\u00e7\u00e3o de \u00edndice de rendimento acad\u00eamico m\u00e1ximo (10,0). \u00c9 mestre em Economia Matem\u00e1tica pelo Instituto Nacional de Matem\u00e1tica Pura e Aplicada (IMPA), do Rio de Janeiro, aos 21 anos, com obten\u00e7\u00e3o de grau m\u00e1ximo (A).<\/p>\n<p>Premiado em Olimp\u00edadas Internacionais de Qu\u00edmica (2002), F\u00edsica (2002) e Matem\u00e1tica (2004) na Holanda, Indon\u00e9sia e Maced\u00f4nia, respectivamente. \u00c9 consultor de investimentos registrado na Comiss\u00e3o de Valores Mobili\u00e1rios (CVM).<\/p>\n<p>Assumiu o cargo de secret\u00e1rio estadual da Fazenda do Piau\u00ed em Janeiro de 2015, aos 29 anos, do qual se desligou em mar\u00e7o de 2022 para concorrer ao Governo do Piau\u00ed. Foi presidente do Comsefaz (Comit\u00ea Nacional dos Secret\u00e1rios Estaduais de Fazenda) de 2019 a mar\u00e7o de 2022.<\/p>\n<p>Foi eleito governador do Piau\u00ed em outubro de 2022, com a maior vota\u00e7\u00e3o da hist\u00f3ria pol\u00edtica do Piau\u00ed.<\/p>\n","protected":false},"excerpt":{"rendered":"<p> [&hellip;]<\/p>\n","protected":false},"author":3,"featured_media":0,"comment_status":"closed","ping_status":"closed","sticky":false,"template":"","format":"standard","meta":{"footnotes":""},"categories":[6],"tags":[],"class_list":["post-596","post","type-post","status-publish","format-standard","hentry","category-palestrantes"],"_links":{"self":[{"href":"https:\/\/www.ibraop.org.br\/enaop2024\/wp-json\/wp\/v2\/posts\/596","targetHints":{"allow":["GET"]}}],"collection":[{"href":"https:\/\/www.ibraop.org.br\/enaop2024\/wp-json\/wp\/v2\/posts"}],"about":[{"href":"https:\/\/www.ibraop.org.br\/enaop2024\/wp-json\/wp\/v2\/types\/post"}],"author":[{"embeddable":true,"href":"https:\/\/www.ibraop.org.br\/enaop2024\/wp-json\/wp\/v2\/users\/3"}],"replies":[{"embeddable":true,"href":"https:\/\/www.ibraop.org.br\/enaop2024\/wp-json\/wp\/v2\/comments?post=596"}],"version-history":[{"count":2,"href":"https:\/\/www.ibraop.org.br\/enaop2024\/wp-json\/wp\/v2\/posts\/596\/revisions"}],"predecessor-version":[{"id":599,"href":"https:\/\/www.ibraop.org.br\/enaop2024\/wp-json\/wp\/v2\/posts\/596\/revisions\/599"}],"wp:attachment":[{"href":"https:\/\/www.ibraop.org.br\/enaop2024\/wp-json\/wp\/v2\/media?parent=596"}],"wp:term":[{"taxonomy":"category","embeddable":true,"href":"https:\/\/www.ibraop.org.br\/enaop2024\/wp-json\/wp\/v2\/categories?post=596"},{"taxonomy":"post_tag","embeddable":true,"href":"https:\/\/www.ibraop.org.br\/enaop2024\/wp-json\/wp\/v2\/tags?post=596"}],"curies":[{"name":"wp","href":"https:\/\/api.w.org\/{rel}","templated":true}]}}