{"id":559,"date":"2024-06-07T18:44:22","date_gmt":"2024-06-07T21:44:22","guid":{"rendered":"https:\/\/www.ibraop.org.br\/enaop2024\/?p=559"},"modified":"2024-06-07T18:44:22","modified_gmt":"2024-06-07T21:44:22","slug":"andre-ferreira","status":"publish","type":"post","link":"https:\/\/www.ibraop.org.br\/enaop2024\/andre-ferreira\/","title":{"rendered":"ANDR\u00c9 FERREIRA"},"content":{"rendered":"<p><a href=\"https:\/\/www.ibraop.org.br\/enaop2024\/wp-content\/uploads\/sites\/5\/2024\/06\/ANDRE-FERREIRA.png\"><img loading=\"lazy\" decoding=\"async\" class=\"alignleft wp-image-560 size-medium\" src=\"https:\/\/www.ibraop.org.br\/enaop2024\/wp-content\/uploads\/sites\/5\/2024\/06\/ANDRE-FERREIRA-300x300.png\" alt=\"\" width=\"300\" height=\"300\" srcset=\"https:\/\/www.ibraop.org.br\/enaop2024\/wp-content\/uploads\/sites\/5\/2024\/06\/ANDRE-FERREIRA-300x300.png 300w, https:\/\/www.ibraop.org.br\/enaop2024\/wp-content\/uploads\/sites\/5\/2024\/06\/ANDRE-FERREIRA-150x150.png 150w, https:\/\/www.ibraop.org.br\/enaop2024\/wp-content\/uploads\/sites\/5\/2024\/06\/ANDRE-FERREIRA.png 340w\" sizes=\"auto, (max-width: 300px) 100vw, 300px\" \/><\/a><\/p>\n<p>&nbsp;<\/p>\n<p>&nbsp;<\/p>\n<p>&nbsp;<\/p>\n<p>Engenheiro mec\u00e2nico p\u00f3s-graduado em Planejamento de Sistemas Energ\u00e9ticos pela Faculdade de Engenharia Mec\u00e2nica da Unicamp. Trabalhou na Diretoria de Controle de Polui\u00e7\u00e3o Ambiental e na Diretoria de Desenvolvimento e Transfer\u00eancia de Tecnologia da CETESB, e foi consultor da Funda\u00e7\u00e3o Hewlett. Atualmente, \u00e9 diretor-presidente do IEMA e professor do curso de especializa\u00e7\u00e3o em Gerenciamento Ambiental (ESALQ\/USP).<\/p>\n","protected":false},"excerpt":{"rendered":"<p> [&hellip;]<\/p>\n","protected":false},"author":3,"featured_media":0,"comment_status":"closed","ping_status":"closed","sticky":false,"template":"","format":"standard","meta":{"footnotes":""},"categories":[6],"tags":[],"class_list":["post-559","post","type-post","status-publish","format-standard","hentry","category-palestrantes"],"_links":{"self":[{"href":"https:\/\/www.ibraop.org.br\/enaop2024\/wp-json\/wp\/v2\/posts\/559","targetHints":{"allow":["GET"]}}],"collection":[{"href":"https:\/\/www.ibraop.org.br\/enaop2024\/wp-json\/wp\/v2\/posts"}],"about":[{"href":"https:\/\/www.ibraop.org.br\/enaop2024\/wp-json\/wp\/v2\/types\/post"}],"author":[{"embeddable":true,"href":"https:\/\/www.ibraop.org.br\/enaop2024\/wp-json\/wp\/v2\/users\/3"}],"replies":[{"embeddable":true,"href":"https:\/\/www.ibraop.org.br\/enaop2024\/wp-json\/wp\/v2\/comments?post=559"}],"version-history":[{"count":1,"href":"https:\/\/www.ibraop.org.br\/enaop2024\/wp-json\/wp\/v2\/posts\/559\/revisions"}],"predecessor-version":[{"id":561,"href":"https:\/\/www.ibraop.org.br\/enaop2024\/wp-json\/wp\/v2\/posts\/559\/revisions\/561"}],"wp:attachment":[{"href":"https:\/\/www.ibraop.org.br\/enaop2024\/wp-json\/wp\/v2\/media?parent=559"}],"wp:term":[{"taxonomy":"category","embeddable":true,"href":"https:\/\/www.ibraop.org.br\/enaop2024\/wp-json\/wp\/v2\/categories?post=559"},{"taxonomy":"post_tag","embeddable":true,"href":"https:\/\/www.ibraop.org.br\/enaop2024\/wp-json\/wp\/v2\/tags?post=559"}],"curies":[{"name":"wp","href":"https:\/\/api.w.org\/{rel}","templated":true}]}}