{"id":480,"date":"2024-05-31T14:09:34","date_gmt":"2024-05-31T17:09:34","guid":{"rendered":"https:\/\/www.ibraop.org.br\/enaop2024\/?p=480"},"modified":"2024-06-07T18:59:33","modified_gmt":"2024-06-07T21:59:33","slug":"bruno-fonseca-reis","status":"publish","type":"post","link":"https:\/\/www.ibraop.org.br\/enaop2024\/bruno-fonseca-reis\/","title":{"rendered":"BRUNO FONSECA REIS"},"content":{"rendered":"<p><img loading=\"lazy\" decoding=\"async\" class=\"size-medium wp-image-478 alignleft\" src=\"https:\/\/www.ibraop.org.br\/enaop2024\/wp-content\/uploads\/sites\/5\/2024\/05\/BRUNO-FONSECA-REIS-300x300.png\" alt=\"\" width=\"300\" height=\"300\" srcset=\"https:\/\/www.ibraop.org.br\/enaop2024\/wp-content\/uploads\/sites\/5\/2024\/05\/BRUNO-FONSECA-REIS-300x300.png 300w, https:\/\/www.ibraop.org.br\/enaop2024\/wp-content\/uploads\/sites\/5\/2024\/05\/BRUNO-FONSECA-REIS-150x150.png 150w, https:\/\/www.ibraop.org.br\/enaop2024\/wp-content\/uploads\/sites\/5\/2024\/05\/BRUNO-FONSECA-REIS.png 340w\" sizes=\"auto, (max-width: 300px) 100vw, 300px\" \/><\/p>\n<p>Ocupante do cargo de Analista de Infraestrutura no Minist\u00e9rio de Portos e Aeroportos &#8211; MPOR, atua como Coordenador na Coordena\u00e7\u00e3o Geral de Planejamento, Estudos e Capacita\u00e7\u00e3o da Avia\u00e7\u00e3o Civil. \u00c9 graduado em Engenharia Telecomunica\u00e7\u00f5es pela Faculdade de Ci\u00eancias e Tecnologia de Montes Claros MG com Mestrado em Air Navigation Management pela Ecole Nationale de l&#8217;Aviation Civile \u2013 ENAC, da Fran\u00e7a. Nos \u00faltimos anos, atuou como coordenador na Coordena\u00e7\u00e3o de Estudos e Planejamento da Avia\u00e7\u00e3o Civil da Secretaria de Avia\u00e7\u00e3o Civil, onde fez parte da equipe que desenvolveu o Plano Aerovi\u00e1rio Nacional \u2013 PAN 2022 2052.<\/p>\n<p>&nbsp;<\/p>\n<p>Desde 2014, desempenha suas fun\u00e7\u00f5es na Secretaria de Avia\u00e7\u00e3o Civil (SAC), onde trabalhou com Planejamento Estrat\u00e9gico, Navega\u00e7\u00e3o A\u00e9rea Civil, Gest\u00e3o Aeroportu\u00e1ria, e Investimento Aeroportu\u00e1rio. Anteriormente desempenhou suas fun\u00e7\u00f5es na Centro Integrado de Defesa A\u00e9rea e Controle do Espa\u00e7o A\u00e9reo (CINDACTA IV) do Departamento de Controle do Espa\u00e7o A\u00e9reo (DECEA), onde trabalhou no Departamento T\u00e9cnico na \u00e1rea de Telecomunica\u00e7\u00f5es relacionadas ao controle do espa\u00e7o a\u00e9reo.<\/p>\n","protected":false},"excerpt":{"rendered":"<p> [&hellip;]<\/p>\n","protected":false},"author":3,"featured_media":0,"comment_status":"closed","ping_status":"closed","sticky":false,"template":"","format":"standard","meta":{"footnotes":""},"categories":[6],"tags":[],"class_list":["post-480","post","type-post","status-publish","format-standard","hentry","category-palestrantes"],"_links":{"self":[{"href":"https:\/\/www.ibraop.org.br\/enaop2024\/wp-json\/wp\/v2\/posts\/480","targetHints":{"allow":["GET"]}}],"collection":[{"href":"https:\/\/www.ibraop.org.br\/enaop2024\/wp-json\/wp\/v2\/posts"}],"about":[{"href":"https:\/\/www.ibraop.org.br\/enaop2024\/wp-json\/wp\/v2\/types\/post"}],"author":[{"embeddable":true,"href":"https:\/\/www.ibraop.org.br\/enaop2024\/wp-json\/wp\/v2\/users\/3"}],"replies":[{"embeddable":true,"href":"https:\/\/www.ibraop.org.br\/enaop2024\/wp-json\/wp\/v2\/comments?post=480"}],"version-history":[{"count":2,"href":"https:\/\/www.ibraop.org.br\/enaop2024\/wp-json\/wp\/v2\/posts\/480\/revisions"}],"predecessor-version":[{"id":487,"href":"https:\/\/www.ibraop.org.br\/enaop2024\/wp-json\/wp\/v2\/posts\/480\/revisions\/487"}],"wp:attachment":[{"href":"https:\/\/www.ibraop.org.br\/enaop2024\/wp-json\/wp\/v2\/media?parent=480"}],"wp:term":[{"taxonomy":"category","embeddable":true,"href":"https:\/\/www.ibraop.org.br\/enaop2024\/wp-json\/wp\/v2\/categories?post=480"},{"taxonomy":"post_tag","embeddable":true,"href":"https:\/\/www.ibraop.org.br\/enaop2024\/wp-json\/wp\/v2\/tags?post=480"}],"curies":[{"name":"wp","href":"https:\/\/api.w.org\/{rel}","templated":true}]}}