{"id":406,"date":"2024-05-29T21:12:54","date_gmt":"2024-05-30T00:12:54","guid":{"rendered":"https:\/\/www.ibraop.org.br\/enaop2024\/?p=406"},"modified":"2024-06-07T17:52:25","modified_gmt":"2024-06-07T20:52:25","slug":"narda-consuleo-vitorio-neiva-silva","status":"publish","type":"post","link":"https:\/\/www.ibraop.org.br\/enaop2024\/narda-consuleo-vitorio-neiva-silva\/","title":{"rendered":"NARDA CONSULEO VIT\u00d3RIO NEIVA SILVA"},"content":{"rendered":"<p><a href=\"https:\/\/www.ibraop.org.br\/enaop2024\/wp-content\/uploads\/sites\/5\/2024\/05\/Narda.png\"><img loading=\"lazy\" decoding=\"async\" class=\"alignleft wp-image-407 size-medium\" src=\"https:\/\/www.ibraop.org.br\/enaop2024\/wp-content\/uploads\/sites\/5\/2024\/05\/Narda-300x300.png\" alt=\"\" width=\"300\" height=\"300\" srcset=\"https:\/\/www.ibraop.org.br\/enaop2024\/wp-content\/uploads\/sites\/5\/2024\/05\/Narda-300x300.png 300w, https:\/\/www.ibraop.org.br\/enaop2024\/wp-content\/uploads\/sites\/5\/2024\/05\/Narda-150x150.png 150w, https:\/\/www.ibraop.org.br\/enaop2024\/wp-content\/uploads\/sites\/5\/2024\/05\/Narda.png 340w\" sizes=\"auto, (max-width: 300px) 100vw, 300px\" \/><\/a><\/p>\n<p>&nbsp;<\/p>\n<p>&nbsp;<\/p>\n<p>&nbsp;<\/p>\n<p>Narda Consuelo Vit\u00f3rio Neiva Silva, formada em Engenharia Sanit\u00e1ria e Ci\u00eancias Cont\u00e1beis pela Universidade Federal de Mato Grosso, advogada formada em Direito pela Universidade de Cuiab\u00e1, com especializa\u00e7\u00e3o em: Auditoria da Entidades Governamentais, pela Universidade Federal de Mato Grosso; Controle Externo, pela Funda\u00e7\u00e3o Get\u00falio Vargas; Gest\u00e3o P\u00fablica, pelo Instituto de Cuiab\u00e1 de Ensino e Cultura; e Per\u00edcia e Auditoria de Engenharia, pelo Instituto de P\u00f3s-gradua\u00e7\u00e3o e Gradua\u00e7\u00e3o.<\/p>\n<p>Desde 1999, atua no cargo de Auditor P\u00fablico Externo no Tribunal de Contas do Estado de Mato Grosso \u2013 TCE-MT, onde exerceu fun\u00e7\u00e3o de lideran\u00e7a como: Consultora da Consultoria T\u00e9cnica, de 2005 a 2007, Secret\u00e1ria de Controle de Obras e Servi\u00e7os de Engenharia, de 2008 a 2013 e de 2018 a 2020. Atualmente atua como auditora na Secex obras.<\/p>\n<p>Como representante do TCE-MT, atuou em Comiss\u00f5es de Avalia\u00e7\u00e3o e de Garantia de Qualidade, na avalia\u00e7\u00e3o da Atricon \u2013 Associa\u00e7\u00e3o dos Membros dos Tribunais de Contas do Brasil, com a utiliza\u00e7\u00e3o do Marco de Medi\u00e7\u00e3o de Desempenho, nas edi\u00e7\u00f5es de 2017, 2019 e 2022. Em 2024, est\u00e1 com Secretaria Executiva da Comiss\u00e3o respons\u00e1vel pelo projeto da Atricon:\u00a0 Obras P\u00fablicas e Infraestrutura.<\/p>\n<p>Desde 2011 atua, como representante do TCE-MT, na Diretoria Executiva do Instituto Brasileiro de Auditoria de Obras P\u00fablicas \u2013 Ibraop, como: Diretora de Eventos \u2013 2011 2012; Presidente \u2013 de 2013 a 2016, Vice-Presidente &#8211; de 2017 a 2022. Atualmente est\u00e1 na fun\u00e7\u00e3o de Diretora de Comunica\u00e7\u00e3o do instituto.<\/p>\n<p>&nbsp;<\/p>\n<p>&nbsp;<\/p>\n<p>&nbsp;<\/p>\n<p>&nbsp;<\/p>\n","protected":false},"excerpt":{"rendered":"<p> [&hellip;]<\/p>\n","protected":false},"author":3,"featured_media":0,"comment_status":"closed","ping_status":"closed","sticky":false,"template":"","format":"standard","meta":{"footnotes":""},"categories":[6],"tags":[],"class_list":["post-406","post","type-post","status-publish","format-standard","hentry","category-palestrantes"],"_links":{"self":[{"href":"https:\/\/www.ibraop.org.br\/enaop2024\/wp-json\/wp\/v2\/posts\/406","targetHints":{"allow":["GET"]}}],"collection":[{"href":"https:\/\/www.ibraop.org.br\/enaop2024\/wp-json\/wp\/v2\/posts"}],"about":[{"href":"https:\/\/www.ibraop.org.br\/enaop2024\/wp-json\/wp\/v2\/types\/post"}],"author":[{"embeddable":true,"href":"https:\/\/www.ibraop.org.br\/enaop2024\/wp-json\/wp\/v2\/users\/3"}],"replies":[{"embeddable":true,"href":"https:\/\/www.ibraop.org.br\/enaop2024\/wp-json\/wp\/v2\/comments?post=406"}],"version-history":[{"count":8,"href":"https:\/\/www.ibraop.org.br\/enaop2024\/wp-json\/wp\/v2\/posts\/406\/revisions"}],"predecessor-version":[{"id":548,"href":"https:\/\/www.ibraop.org.br\/enaop2024\/wp-json\/wp\/v2\/posts\/406\/revisions\/548"}],"wp:attachment":[{"href":"https:\/\/www.ibraop.org.br\/enaop2024\/wp-json\/wp\/v2\/media?parent=406"}],"wp:term":[{"taxonomy":"category","embeddable":true,"href":"https:\/\/www.ibraop.org.br\/enaop2024\/wp-json\/wp\/v2\/categories?post=406"},{"taxonomy":"post_tag","embeddable":true,"href":"https:\/\/www.ibraop.org.br\/enaop2024\/wp-json\/wp\/v2\/tags?post=406"}],"curies":[{"name":"wp","href":"https:\/\/api.w.org\/{rel}","templated":true}]}}